{"id":12664,"date":"2026-04-24T12:15:57","date_gmt":"2026-04-24T09:15:57","guid":{"rendered":"https:\/\/amel.org\/mohanna-tours-amels-damaged-centers-in-beiruts-southern-suburbs-in-the-presence-of-a-french-delegation\/"},"modified":"2026-04-24T14:20:59","modified_gmt":"2026-04-24T11:20:59","slug":"mohanna-tours-amels-damaged-centers-in-beiruts-southern-suburbs-in-the-presence-of-a-french-delegation","status":"publish","type":"post","link":"https:\/\/amel.org\/fr\/mohanna-tours-amels-damaged-centers-in-beiruts-southern-suburbs-in-the-presence-of-a-french-delegation\/","title":{"rendered":"Mohanna inspecte les centres endommag\u00e9s d\u2019Amel dans la banlieue sud de Beyrouth en pr\u00e9sence d\u2019une d\u00e9l\u00e9gation fran\u00e7aise"},"content":{"rendered":"<p><span style=\"font-weight: 400;\">Quelques jours apr\u00e8s l\u2019annonce d\u2019un cessez-le-feu au Liban, et \u00e0 la suite des derni\u00e8res semaines marqu\u00e9es par une agression isra\u00e9lienne ayant entra\u00een\u00e9 une destruction massive des infrastructures et des installations civiles, des pertes humaines et le d\u00e9placement d\u2019un grand nombre de personnes, ainsi qu\u2019une d\u00e9t\u00e9rioration des conditions de vie et des services essentiels, le pr\u00e9sident de la Fondation Amel Internationale, le Dr Kamel Mohanna, a effectu\u00e9 une visite de terrain dans plusieurs centres de l\u2019organisation endommag\u00e9s dans la banlieue sud de Beyrouth, en pr\u00e9sence d\u2019une d\u00e9l\u00e9gation fran\u00e7aise dirig\u00e9e par Mme Diane Antaki, commissaire g\u00e9n\u00e9rale de Baroudeurs de l\u2019Espoir. En pr\u00e9sence des personnalit\u00e9s m\u00e9diatiques Hussein Ayoub, Ahmed Talal Salman et Rabih Salman.<\/span><\/p>\n<p><span style=\"font-weight: 400;\">La tourn\u00e9e a inclus les centres de soins de sant\u00e9 primaires et de d\u00e9veloppement social d\u2019Amel \u00e0 Haret Hreik, Baajour et Hay El Sellom, o\u00f9 le Dr Mohanna a constat\u00e9 de pr\u00e8s l\u2019ampleur des d\u00e9g\u00e2ts et leurs r\u00e9percussions directes sur la continuit\u00e9 des programmes visant \u00e0 garantir l\u2019acc\u00e8s des populations \u00e0 leurs droits fondamentaux, notamment dans les domaines de la sant\u00e9, de l\u2019\u00e9ducation, de la protection et de l\u2019autonomisation. La d\u00e9l\u00e9gation fran\u00e7aise a accompagn\u00e9 cette visite en signe de solidarit\u00e9 et de soutien aux efforts de l\u2019organisation.<\/span><\/p>\n<p data-start=\"1229\" data-end=\"1620\"><img loading=\"lazy\" decoding=\"async\" class=\"alignleft size-full wp-image-12656\" src=\"https:\/\/amel.org\/wp-content\/uploads\/2026\/04\/DSC07217.jpg\" alt=\"\" width=\"1200\" height=\"901\" srcset=\"https:\/\/amel.org\/wp-content\/uploads\/2026\/04\/DSC07217.jpg 1200w, https:\/\/amel.org\/wp-content\/uploads\/2026\/04\/DSC07217-300x225.jpg 300w, https:\/\/amel.org\/wp-content\/uploads\/2026\/04\/DSC07217-1024x769.jpg 1024w, https:\/\/amel.org\/wp-content\/uploads\/2026\/04\/DSC07217-768x577.jpg 768w, https:\/\/amel.org\/wp-content\/uploads\/2026\/04\/DSC07217-559x420.jpg 559w, https:\/\/amel.org\/wp-content\/uploads\/2026\/04\/DSC07217-1119x840.jpg 1119w, https:\/\/amel.org\/wp-content\/uploads\/2026\/04\/DSC07217-80x60.jpg 80w, https:\/\/amel.org\/wp-content\/uploads\/2026\/04\/DSC07217-160x120.jpg 160w, https:\/\/amel.org\/wp-content\/uploads\/2026\/04\/DSC07217-150x113.jpg 150w, https:\/\/amel.org\/wp-content\/uploads\/2026\/04\/DSC07217-600x451.jpg 600w, https:\/\/amel.org\/wp-content\/uploads\/2026\/04\/DSC07217-696x523.jpg 696w, https:\/\/amel.org\/wp-content\/uploads\/2026\/04\/DSC07217-1068x802.jpg 1068w, https:\/\/amel.org\/wp-content\/uploads\/2026\/04\/DSC07217-265x198.jpg 265w\" sizes=\"auto, (max-width: 1200px) 100vw, 1200px\" \/><\/p>\n<p><span style=\"font-weight: 400;\">Ces centres, \u00e0 l\u2019instar de tous les centres d\u2019Amel, repr\u00e9sentent bien plus que de simples lieux de mise en \u0153uvre de programmes. Ils constituent des espaces s\u00fbrs et dynamiques au c\u0153ur des communaut\u00e9s, accueillant enfants, femmes et jeunes, et leur offrant des opportunit\u00e9s d\u2019apprentissage, de d\u00e9veloppement, de soutien et de r\u00e9silience. Leur endommagement a r\u00e9duit ces espaces vitaux et accru la pression sur des communaut\u00e9s d\u00e9j\u00e0 confront\u00e9es \u00e0 des conditions difficiles.<\/span><\/p>\n<p><span style=\"font-weight: 400;\">Au cours de la visite, les \u00e9quipes d\u2019Amel ont pr\u00e9sent\u00e9 les d\u00e9fis croissants sur le terrain ainsi que les efforts continus pour assurer la poursuite des activit\u00e9s malgr\u00e9 les destructions, notamment par la mise en place de cliniques mobiles et d\u2019activit\u00e9s alternatives, dans le cadre de l\u2019engagement constant de l\u2019organisation \u00e0 rester aux c\u00f4t\u00e9s des populations en toutes circonstances.<\/span><\/p>\n<p><span style=\"font-weight: 400;\">Mme Diane Antaki a soulign\u00e9 que la pr\u00e9sence de la d\u00e9l\u00e9gation fran\u00e7aise constitue une expression claire de solidarit\u00e9 avec Amel et les communaut\u00e9s avec lesquelles elle travaille, et s\u2019inscrit dans le cadre du renforcement des partenariats avec les acteurs locaux qui poursuivent leur action avec d\u00e9termination malgr\u00e9 les d\u00e9fis. Elle a insist\u00e9 sur l\u2019importance de soutenir les initiatives communautaires afin de garantir la continuit\u00e9 de la r\u00e9ponse humanitaire.<\/span><\/p>\n<p data-start=\"2337\" data-end=\"2862\"><img loading=\"lazy\" decoding=\"async\" class=\"alignleft size-full wp-image-12654\" src=\"https:\/\/amel.org\/wp-content\/uploads\/2026\/04\/DSC07151.jpg\" alt=\"\" width=\"1200\" height=\"901\" srcset=\"https:\/\/amel.org\/wp-content\/uploads\/2026\/04\/DSC07151.jpg 1200w, https:\/\/amel.org\/wp-content\/uploads\/2026\/04\/DSC07151-300x225.jpg 300w, https:\/\/amel.org\/wp-content\/uploads\/2026\/04\/DSC07151-1024x769.jpg 1024w, https:\/\/amel.org\/wp-content\/uploads\/2026\/04\/DSC07151-768x577.jpg 768w, https:\/\/amel.org\/wp-content\/uploads\/2026\/04\/DSC07151-559x420.jpg 559w, https:\/\/amel.org\/wp-content\/uploads\/2026\/04\/DSC07151-1119x840.jpg 1119w, https:\/\/amel.org\/wp-content\/uploads\/2026\/04\/DSC07151-80x60.jpg 80w, https:\/\/amel.org\/wp-content\/uploads\/2026\/04\/DSC07151-160x120.jpg 160w, https:\/\/amel.org\/wp-content\/uploads\/2026\/04\/DSC07151-150x113.jpg 150w, https:\/\/amel.org\/wp-content\/uploads\/2026\/04\/DSC07151-600x451.jpg 600w, https:\/\/amel.org\/wp-content\/uploads\/2026\/04\/DSC07151-696x523.jpg 696w, https:\/\/amel.org\/wp-content\/uploads\/2026\/04\/DSC07151-1068x802.jpg 1068w, https:\/\/amel.org\/wp-content\/uploads\/2026\/04\/DSC07151-265x198.jpg 265w\" sizes=\"auto, (max-width: 1200px) 100vw, 1200px\" \/><\/p>\n<p><span style=\"font-weight: 400;\">De son c\u00f4t\u00e9, le Dr Kamel Mohanna a affirm\u00e9 que \u00ab ce dont nous avons \u00e9t\u00e9 t\u00e9moins ces derni\u00e8res semaines n\u2019est pas une crise passag\u00e8re, mais une blessure profonde dans le corps de cette nation, touchant l\u2019\u00eatre humain, sa dignit\u00e9 et son droit \u00e0 vivre en paix. Le ciblage des infrastructures sanitaires et sociales constitue une attaque directe contre les populations et leur capacit\u00e9 de r\u00e9silience \u00bb, ajoutant que \u00ab Amel restera aux c\u00f4t\u00e9s des populations, en tant que mouvement porteur de changement, d\u00e9fendant la dignit\u00e9 et la justice, et \u0153uvrant avec les communaut\u00e9s pour renforcer leur capacit\u00e9 \u00e0 se relever \u00bb.<\/span><\/p>\n<p><span style=\"font-weight: 400;\">Cette visite s\u2019inscrit dans le cadre d\u2019un partenariat continu entre Amel et Baroudeurs de l\u2019Espoir, initi\u00e9 en 2018, visant \u00e0 soutenir les enfants les plus vuln\u00e9rables au Liban, en particulier ceux inscrits dans les \u00e9coles publiques et ayant besoin d\u2019un soutien acad\u00e9mique durant l\u2019ann\u00e9e scolaire.<\/span><\/p>\n<p><span style=\"font-weight: 400;\">Dans ce cadre, Amel, avec le soutien de Baroudeurs de l\u2019Espoir, met en \u0153uvre des activit\u00e9s \u00e9ducatives \u00e0 travers une unit\u00e9 mobile d\u2019\u00e9ducation dans la B\u00e9kaa Ouest, un bus \u00e9quip\u00e9 pour des activit\u00e9s \u00e9ducatives et r\u00e9cr\u00e9atives. Cette unit\u00e9 travaille avec des enfants vivant dans des campements informels, en leur offrant un soutien \u00e9ducatif direct, ainsi que des s\u00e9ances de renforcement scolaire durant l\u2019ann\u00e9e et des programmes d\u2019\u00e9t\u00e9. Les activit\u00e9s comprennent \u00e9galement des sessions de sensibilisation et de soutien destin\u00e9es aux parents, afin de favoriser la continuit\u00e9 de l\u2019\u00e9ducation des enfants et de leur offrir un environnement favorable.<\/span><\/p>\n<p><span style=\"font-weight: 400;\">Cette tourn\u00e9e illustre un mod\u00e8le de compl\u00e9mentarit\u00e9 entre leadership local de terrain et solidarit\u00e9 internationale, contribuant \u00e0 la continuit\u00e9 des programmes essentiels et au renforcement de la r\u00e9silience des communaut\u00e9s dans le contexte actuel.<\/span><\/p>\n<p data-start=\"3709\" data-end=\"3988\"><img loading=\"lazy\" decoding=\"async\" class=\"alignleft size-full wp-image-12653\" src=\"https:\/\/amel.org\/wp-content\/uploads\/2026\/04\/DSC07070.jpg\" alt=\"\" width=\"1200\" height=\"901\" srcset=\"https:\/\/amel.org\/wp-content\/uploads\/2026\/04\/DSC07070.jpg 1200w, https:\/\/amel.org\/wp-content\/uploads\/2026\/04\/DSC07070-300x225.jpg 300w, https:\/\/amel.org\/wp-content\/uploads\/2026\/04\/DSC07070-1024x769.jpg 1024w, https:\/\/amel.org\/wp-content\/uploads\/2026\/04\/DSC07070-768x577.jpg 768w, https:\/\/amel.org\/wp-content\/uploads\/2026\/04\/DSC07070-559x420.jpg 559w, https:\/\/amel.org\/wp-content\/uploads\/2026\/04\/DSC07070-1119x840.jpg 1119w, https:\/\/amel.org\/wp-content\/uploads\/2026\/04\/DSC07070-80x60.jpg 80w, https:\/\/amel.org\/wp-content\/uploads\/2026\/04\/DSC07070-160x120.jpg 160w, https:\/\/amel.org\/wp-content\/uploads\/2026\/04\/DSC07070-150x113.jpg 150w, https:\/\/amel.org\/wp-content\/uploads\/2026\/04\/DSC07070-600x451.jpg 600w, https:\/\/amel.org\/wp-content\/uploads\/2026\/04\/DSC07070-696x523.jpg 696w, https:\/\/amel.org\/wp-content\/uploads\/2026\/04\/DSC07070-1068x802.jpg 1068w, https:\/\/amel.org\/wp-content\/uploads\/2026\/04\/DSC07070-265x198.jpg 265w\" sizes=\"auto, (max-width: 1200px) 100vw, 1200px\" \/><img loading=\"lazy\" decoding=\"async\" class=\"alignleft size-full wp-image-12652\" src=\"https:\/\/amel.org\/wp-content\/uploads\/2026\/04\/DSC07068.jpg\" alt=\"\" width=\"1200\" height=\"901\" srcset=\"https:\/\/amel.org\/wp-content\/uploads\/2026\/04\/DSC07068.jpg 1200w, https:\/\/amel.org\/wp-content\/uploads\/2026\/04\/DSC07068-300x225.jpg 300w, https:\/\/amel.org\/wp-content\/uploads\/2026\/04\/DSC07068-1024x769.jpg 1024w, https:\/\/amel.org\/wp-content\/uploads\/2026\/04\/DSC07068-768x577.jpg 768w, https:\/\/amel.org\/wp-content\/uploads\/2026\/04\/DSC07068-559x420.jpg 559w, https:\/\/amel.org\/wp-content\/uploads\/2026\/04\/DSC07068-1119x840.jpg 1119w, https:\/\/amel.org\/wp-content\/uploads\/2026\/04\/DSC07068-80x60.jpg 80w, https:\/\/amel.org\/wp-content\/uploads\/2026\/04\/DSC07068-160x120.jpg 160w, https:\/\/amel.org\/wp-content\/uploads\/2026\/04\/DSC07068-150x113.jpg 150w, https:\/\/amel.org\/wp-content\/uploads\/2026\/04\/DSC07068-600x451.jpg 600w, https:\/\/amel.org\/wp-content\/uploads\/2026\/04\/DSC07068-696x523.jpg 696w, https:\/\/amel.org\/wp-content\/uploads\/2026\/04\/DSC07068-1068x802.jpg 1068w, https:\/\/amel.org\/wp-content\/uploads\/2026\/04\/DSC07068-265x198.jpg 265w\" sizes=\"auto, (max-width: 1200px) 100vw, 1200px\" \/><img loading=\"lazy\" decoding=\"async\" class=\"alignleft size-full wp-image-12651\" src=\"https:\/\/amel.org\/wp-content\/uploads\/2026\/04\/DSC07050.jpg\" alt=\"\" width=\"1200\" height=\"901\" srcset=\"https:\/\/amel.org\/wp-content\/uploads\/2026\/04\/DSC07050.jpg 1200w, https:\/\/amel.org\/wp-content\/uploads\/2026\/04\/DSC07050-300x225.jpg 300w, https:\/\/amel.org\/wp-content\/uploads\/2026\/04\/DSC07050-1024x769.jpg 1024w, https:\/\/amel.org\/wp-content\/uploads\/2026\/04\/DSC07050-768x577.jpg 768w, https:\/\/amel.org\/wp-content\/uploads\/2026\/04\/DSC07050-559x420.jpg 559w, https:\/\/amel.org\/wp-content\/uploads\/2026\/04\/DSC07050-1119x840.jpg 1119w, https:\/\/amel.org\/wp-content\/uploads\/2026\/04\/DSC07050-80x60.jpg 80w, https:\/\/amel.org\/wp-content\/uploads\/2026\/04\/DSC07050-160x120.jpg 160w, https:\/\/amel.org\/wp-content\/uploads\/2026\/04\/DSC07050-150x113.jpg 150w, https:\/\/amel.org\/wp-content\/uploads\/2026\/04\/DSC07050-600x451.jpg 600w, https:\/\/amel.org\/wp-content\/uploads\/2026\/04\/DSC07050-696x523.jpg 696w, https:\/\/amel.org\/wp-content\/uploads\/2026\/04\/DSC07050-1068x802.jpg 1068w, https:\/\/amel.org\/wp-content\/uploads\/2026\/04\/DSC07050-265x198.jpg 265w\" sizes=\"auto, (max-width: 1200px) 100vw, 1200px\" \/><img loading=\"lazy\" decoding=\"async\" class=\"alignleft size-full wp-image-12650\" src=\"https:\/\/amel.org\/wp-content\/uploads\/2026\/04\/DSC07043.jpg\" alt=\"\" width=\"1200\" height=\"1599\" srcset=\"https:\/\/amel.org\/wp-content\/uploads\/2026\/04\/DSC07043.jpg 1200w, https:\/\/amel.org\/wp-content\/uploads\/2026\/04\/DSC07043-225x300.jpg 225w, https:\/\/amel.org\/wp-content\/uploads\/2026\/04\/DSC07043-768x1023.jpg 768w, https:\/\/amel.org\/wp-content\/uploads\/2026\/04\/DSC07043-1153x1536.jpg 1153w, https:\/\/amel.org\/wp-content\/uploads\/2026\/04\/DSC07043-315x420.jpg 315w, https:\/\/amel.org\/wp-content\/uploads\/2026\/04\/DSC07043-630x840.jpg 630w, https:\/\/amel.org\/wp-content\/uploads\/2026\/04\/DSC07043-150x200.jpg 150w, https:\/\/amel.org\/wp-content\/uploads\/2026\/04\/DSC07043-300x400.jpg 300w, https:\/\/amel.org\/wp-content\/uploads\/2026\/04\/DSC07043-600x800.jpg 600w, https:\/\/amel.org\/wp-content\/uploads\/2026\/04\/DSC07043-696x927.jpg 696w, https:\/\/amel.org\/wp-content\/uploads\/2026\/04\/DSC07043-1068x1423.jpg 1068w\" sizes=\"auto, (max-width: 1200px) 100vw, 1200px\" \/><\/p>\n","protected":false},"excerpt":{"rendered":"<p>Quelques jours apr\u00e8s l\u2019annonce d\u2019un cessez-le-feu au Liban, et \u00e0 la suite des derni\u00e8res semaines marqu\u00e9es par une agression isra\u00e9lienne ayant entra\u00een\u00e9 une destruction massive des infrastructures et des installations civiles, des pertes humaines et le d\u00e9placement d\u2019un grand nombre de personnes, ainsi qu\u2019une d\u00e9t\u00e9rioration des conditions de vie et des services essentiels, le pr\u00e9sident [&hellip;]<\/p>\n","protected":false},"author":1,"featured_media":12666,"comment_status":"open","ping_status":"open","sticky":false,"template":"","format":"standard","meta":{"footnotes":""},"categories":[1774],"tags":[],"class_list":{"0":"post-12664","1":"post","2":"type-post","3":"status-publish","4":"format-standard","5":"has-post-thumbnail","7":"category-actualites-et-histoires"},"aioseo_notices":[],"_links":{"self":[{"href":"https:\/\/amel.org\/fr\/wp-json\/wp\/v2\/posts\/12664","targetHints":{"allow":["GET"]}}],"collection":[{"href":"https:\/\/amel.org\/fr\/wp-json\/wp\/v2\/posts"}],"about":[{"href":"https:\/\/amel.org\/fr\/wp-json\/wp\/v2\/types\/post"}],"author":[{"embeddable":true,"href":"https:\/\/amel.org\/fr\/wp-json\/wp\/v2\/users\/1"}],"replies":[{"embeddable":true,"href":"https:\/\/amel.org\/fr\/wp-json\/wp\/v2\/comments?post=12664"}],"version-history":[{"count":2,"href":"https:\/\/amel.org\/fr\/wp-json\/wp\/v2\/posts\/12664\/revisions"}],"predecessor-version":[{"id":12682,"href":"https:\/\/amel.org\/fr\/wp-json\/wp\/v2\/posts\/12664\/revisions\/12682"}],"wp:featuredmedia":[{"embeddable":true,"href":"https:\/\/amel.org\/fr\/wp-json\/wp\/v2\/media\/12666"}],"wp:attachment":[{"href":"https:\/\/amel.org\/fr\/wp-json\/wp\/v2\/media?parent=12664"}],"wp:term":[{"taxonomy":"category","embeddable":true,"href":"https:\/\/amel.org\/fr\/wp-json\/wp\/v2\/categories?post=12664"},{"taxonomy":"post_tag","embeddable":true,"href":"https:\/\/amel.org\/fr\/wp-json\/wp\/v2\/tags?post=12664"}],"curies":[{"name":"wp","href":"https:\/\/api.w.org\/{rel}","templated":true}]}}