{"id":12455,"date":"2026-03-16T08:31:39","date_gmt":"2026-03-16T06:31:39","guid":{"rendered":"https:\/\/amel.org\/?p=12455"},"modified":"2026-03-16T08:39:22","modified_gmt":"2026-03-16T06:39:22","slug":"au-liban-lurgence-humanitaire-sous-les-bombes-long-amel-mobilisee-aupres-des-deplaces","status":"publish","type":"post","link":"https:\/\/amel.org\/fr\/au-liban-lurgence-humanitaire-sous-les-bombes-long-amel-mobilisee-aupres-des-deplaces\/","title":{"rendered":"Au Liban, l\u2019urgence humanitaire sous les bombes \u2013 L\u2019ONG Amel mobilis\u00e9e aupr\u00e8s des d\u00e9plac\u00e9s"},"content":{"rendered":"<p data-start=\"340\" data-end=\"639\">Selon un reportage publi\u00e9 par <a href=\"https:\/\/www.lemonde.fr\/international\/article\/2026\/03\/14\/au-liban-l-urgence-humanitaire-sous-les-bombes_6671210_3210.html\" target=\"_blank\" rel=\"noopener\"><em data-start=\"370\" data-end=\"380\">Le Monde<\/em><\/a>, l\u2019intensification des frappes isra\u00e9liennes sur le sud du Liban et la banlieue sud de Beyrouth a d\u00e9clench\u00e9 une nouvelle crise humanitaire majeure, provoquant le d\u00e9placement de <strong data-start=\"557\" data-end=\"586\">plus de 830 000 personnes<\/strong> depuis l\u2019escalade des hostilit\u00e9s le <strong data-start=\"623\" data-end=\"638\">2 mars 2026<\/strong>.<\/p>\n<p data-start=\"641\" data-end=\"1012\">\u00c0 Beyrouth, le parking de la <strong data-start=\"670\" data-end=\"687\">Cit\u00e9 sportive<\/strong> a \u00e9t\u00e9 transform\u00e9 en site d\u2019accueil d\u2019urgence o\u00f9 des centaines de familles d\u00e9plac\u00e9es vivent sous des tentes install\u00e9es sous les gradins du stade. Une clinique mobile de la Croix-Rouge libanaise y fournit des soins \u00e0 des personnes ayant fui les bombardements sans pouvoir emporter leurs m\u00e9dicaments ou leurs effets personnels.<\/p>\n<p data-start=\"1014\" data-end=\"1279\">Parmi elles, Nour, une \u00e9tudiante de 22 ans originaire de la banlieue sud plac\u00e9e sous ordre d\u2019\u00e9vacuation depuis le 5 mars, explique que malgr\u00e9 l\u2019aide re\u00e7ue \u2013 matelas et repas pour la rupture du je\u00fbne durant le Ramadan \u2013 la peur demeure constante \u00e0 cause des frappes.<\/p>\n<p data-start=\"1281\" data-end=\"1643\">Selon les autorit\u00e9s libanaises, <strong data-start=\"1313\" data-end=\"1352\">plus de 770 personnes ont \u00e9t\u00e9 tu\u00e9es<\/strong> depuis le d\u00e9but de l\u2019escalade, dont <strong data-start=\"1389\" data-end=\"1412\">plus de 100 enfants<\/strong>, un bilan qualifi\u00e9 d\u2019\u00ab effroyable \u00bb par l\u2019UNICEF. Face \u00e0 l\u2019ampleur de la crise, les Nations unies ont lanc\u00e9 \u00e0 Beyrouth un <strong data-start=\"1535\" data-end=\"1583\">appel humanitaire de 308 millions de dollars<\/strong> afin de financer l\u2019assistance d\u2019urgence pendant trois mois.<\/p>\n<h3 data-section-id=\"p1e24k\" data-start=\"1650\" data-end=\"1703\">Le r\u00f4le de l\u2019ONG Amel aupr\u00e8s des enfants d\u00e9plac\u00e9s<\/h3>\n<p data-start=\"1705\" data-end=\"1841\">L\u2019article souligne \u00e9galement l\u2019action de <strong data-start=\"1746\" data-end=\"1787\"><span class=\"hover:entity-accent entity-underline inline cursor-pointer align-baseline\"><span class=\"whitespace-normal\">Amel Association International<\/span><\/span><\/strong>, engag\u00e9e dans le soutien aux populations d\u00e9plac\u00e9es.<\/p>\n<p data-start=\"1843\" data-end=\"2104\">Dans l\u2019\u00e9cole <strong data-start=\"1856\" data-end=\"1874\">Omar Al-Farouk<\/strong>, situ\u00e9e dans le quartier de Tarik El-Jdideh \u00e0 Beyrouth, o\u00f9 plus de <strong data-start=\"1942\" data-end=\"1958\">160 familles<\/strong> sont h\u00e9berg\u00e9es dans des salles de classe ou sous des tentes install\u00e9es dans la cour, l\u2019ONG organise des activit\u00e9s destin\u00e9es aux enfants d\u00e9plac\u00e9s.<\/p>\n<blockquote data-start=\"2106\" data-end=\"2317\">\n<p data-start=\"2108\" data-end=\"2317\">\u00ab Dans la cour, des enfants jouent ou dessinent, assis sur des b\u00e2ches. Ces activit\u00e9s r\u00e9cr\u00e9atives sont organis\u00e9es par l\u2019organisation non gouvernementale Amel, avec le soutien de l\u2019Unicef \u00bb, rapporte <em data-start=\"2306\" data-end=\"2316\">Le Monde<\/em>.<\/p>\n<\/blockquote>\n<p data-start=\"2319\" data-end=\"2408\">Ces activit\u00e9s offrent un moment de r\u00e9pit aux enfants confront\u00e9s \u00e0 la violence du conflit.<\/p>\n<p data-start=\"2410\" data-end=\"2542\">La coordinatrice de l\u2019organisation, <strong data-start=\"2446\" data-end=\"2470\">Marie-Reine Bou Saab<\/strong>, souligne toutefois la persistance de besoins humanitaires importants :<\/p>\n<blockquote data-start=\"2544\" data-end=\"2731\">\n<p data-start=\"2546\" data-end=\"2731\">\u00ab <strong data-start=\"2548\" data-end=\"2626\">L\u2019entraide reste de mise. Mais la question des repas est un vrai probl\u00e8me.<\/strong> Il y a des initiatives individuelles ou d\u2019ONG, mais la nourriture n\u2019est pas assur\u00e9e de mani\u00e8re stable. \u00bb<\/p>\n<\/blockquote>\n<h3 data-section-id=\"1c3pplv\" data-start=\"2738\" data-end=\"2772\">Une crise humanitaire aggrav\u00e9e<\/h3>\n<p data-start=\"2774\" data-end=\"3222\">Selon les Nations unies, seule une minorit\u00e9 des d\u00e9plac\u00e9s \u2013 environ <strong data-start=\"2841\" data-end=\"2862\">130 000 personnes<\/strong> \u2013 est actuellement h\u00e9berg\u00e9e dans les <strong data-start=\"2900\" data-end=\"2924\">600 abris collectifs<\/strong> ouverts par les autorit\u00e9s, souvent des \u00e9coles. Beaucoup d\u2019autres trouvent refuge chez des proches, dans des logements lou\u00e9s dont les prix ont fortement augment\u00e9, ou dans des conditions pr\u00e9caires, certains dormant dans des tentes improvis\u00e9es, dans leurs voitures ou sur le front de mer de Beyrouth.<\/p>\n<p data-start=\"3224\" data-end=\"3482\">Dans ce contexte de destructions et de d\u00e9placements massifs, l\u2019intervention d\u2019organisations humanitaires comme Amel appara\u00eet essentielle pour soutenir les populations affect\u00e9es, notamment les enfants, particuli\u00e8rement vuln\u00e9rables aux cons\u00e9quences du conflit.<\/p>\n<h3 data-section-id=\"1b8oqd0\" data-start=\"0\" data-end=\"21\">Revue de presse<\/h3>\n<p data-start=\"23\" data-end=\"129\"><strong data-start=\"23\" data-end=\"34\">Titre :<\/strong> <em data-start=\"35\" data-end=\"127\">Au Liban, l\u2019urgence humanitaire sous les bombes \u2013 L\u2019ONG Amel mobilis\u00e9e aupr\u00e8s des d\u00e9plac\u00e9s<\/em><\/p>\n<p data-start=\"131\" data-end=\"333\"><strong data-start=\"131\" data-end=\"143\">Source :<\/strong> <span class=\"hover:entity-accent entity-underline inline cursor-pointer align-baseline\"><span class=\"whitespace-normal\">Le Monde<\/span><\/span><br data-start=\"181\" data-end=\"184\" \/><strong data-start=\"184\" data-end=\"196\">Auteur :<\/strong> <span class=\"hover:entity-accent entity-underline inline cursor-pointer align-baseline\"><span class=\"whitespace-normal\">Laure Stephan<\/span><\/span>, Beyrouth (correspondance)<br data-start=\"261\" data-end=\"264\" \/><strong data-start=\"264\" data-end=\"274\">Date :<\/strong> 14 mars 2026, 15h30<br data-start=\"294\" data-end=\"297\" \/><strong data-start=\"297\" data-end=\"307\">Lien :<\/strong> https:\/\/www.lemonde.fr\/international\/article\/2026\/03\/14\/au-liban-l-urgence-humanitaire-sous-les-bombes_6671210_3210.html<\/p>\n","protected":false},"excerpt":{"rendered":"<p>Selon un reportage publi\u00e9 par Le Monde, l\u2019intensification des frappes isra\u00e9liennes sur le sud du Liban et la banlieue sud de Beyrouth a d\u00e9clench\u00e9 une nouvelle crise humanitaire majeure, provoquant le d\u00e9placement de plus de 830 000 personnes depuis l\u2019escalade des hostilit\u00e9s le 2 mars 2026. \u00c0 Beyrouth, le parking de la Cit\u00e9 sportive a [&hellip;]<\/p>\n","protected":false},"author":1,"featured_media":12456,"comment_status":"open","ping_status":"open","sticky":false,"template":"","format":"standard","meta":{"footnotes":""},"categories":[75],"tags":[],"class_list":{"0":"post-12455","1":"post","2":"type-post","3":"status-publish","4":"format-standard","5":"has-post-thumbnail","7":"category-amel-news"},"aioseo_notices":[],"_links":{"self":[{"href":"https:\/\/amel.org\/fr\/wp-json\/wp\/v2\/posts\/12455","targetHints":{"allow":["GET"]}}],"collection":[{"href":"https:\/\/amel.org\/fr\/wp-json\/wp\/v2\/posts"}],"about":[{"href":"https:\/\/amel.org\/fr\/wp-json\/wp\/v2\/types\/post"}],"author":[{"embeddable":true,"href":"https:\/\/amel.org\/fr\/wp-json\/wp\/v2\/users\/1"}],"replies":[{"embeddable":true,"href":"https:\/\/amel.org\/fr\/wp-json\/wp\/v2\/comments?post=12455"}],"version-history":[{"count":2,"href":"https:\/\/amel.org\/fr\/wp-json\/wp\/v2\/posts\/12455\/revisions"}],"predecessor-version":[{"id":12465,"href":"https:\/\/amel.org\/fr\/wp-json\/wp\/v2\/posts\/12455\/revisions\/12465"}],"wp:featuredmedia":[{"embeddable":true,"href":"https:\/\/amel.org\/fr\/wp-json\/wp\/v2\/media\/12456"}],"wp:attachment":[{"href":"https:\/\/amel.org\/fr\/wp-json\/wp\/v2\/media?parent=12455"}],"wp:term":[{"taxonomy":"category","embeddable":true,"href":"https:\/\/amel.org\/fr\/wp-json\/wp\/v2\/categories?post=12455"},{"taxonomy":"post_tag","embeddable":true,"href":"https:\/\/amel.org\/fr\/wp-json\/wp\/v2\/tags?post=12455"}],"curies":[{"name":"wp","href":"https:\/\/api.w.org\/{rel}","templated":true}]}}