{"id":11940,"date":"2026-01-05T18:33:10","date_gmt":"2026-01-05T16:33:10","guid":{"rendered":"https:\/\/amel.org\/amel-association-international-threats-against-humanitarian-organizations-in-gaza-are-an-assault-on-international-law-and-the-last-bastion-of-humanity\/"},"modified":"2026-01-05T18:35:40","modified_gmt":"2026-01-05T16:35:40","slug":"amel-association-international-threats-against-humanitarian-organizations-in-gaza-are-an-assault-on-international-law-and-the-last-bastion-of-humanity","status":"publish","type":"post","link":"https:\/\/amel.org\/fr\/amel-association-international-threats-against-humanitarian-organizations-in-gaza-are-an-assault-on-international-law-and-the-last-bastion-of-humanity\/","title":{"rendered":"Amel Association International : Menacer les organisations humanitaires \u00e0 Gaza constitue une atteinte au droit international et un d\u00e9mant\u00e8lement du dernier rempart de l\u2019humanit\u00e9"},"content":{"rendered":"<p data-start=\"4338\" data-end=\"4668\"><strong data-start=\"4522\" data-end=\"4668\">Appel \u00e0 une action internationale urgente et \u00e0 la cr\u00e9ation d\u2019une alliance humanitaire et juridique mondiale pour prot\u00e9ger l\u2019action humanitaire<\/strong><\/p>\n<p data-start=\"4670\" data-end=\"5233\"><strong data-start=\"4670\" data-end=\"4704\">Amel Association International<\/strong> a publi\u00e9 un communiqu\u00e9 condamnant fermement les menaces isra\u00e9liennes visant \u00e0 retirer l\u2019enregistrement des organisations humanitaires et \u00e0 les emp\u00eacher d\u2019op\u00e9rer dans la bande de Gaza, estimant que ces mesures constituent une tentative d\u00e9lib\u00e9r\u00e9e et syst\u00e9matique de saper la r\u00e9ponse humanitaire et de priver les civils de leurs droits les plus fondamentaux, en violation flagrante du droit international humanitaire. L\u2019Association a exprim\u00e9 sa pleine solidarit\u00e9 avec toutes les organisations humanitaires vis\u00e9es par ces d\u00e9cisions.<\/p>\n<p data-start=\"5235\" data-end=\"5752\">L\u2019Association a soulign\u00e9 que priver les populations de l\u2019aide humanitaire et m\u00e9dicale, sous quelque pr\u00e9texte ou circonstance que ce soit, est inacceptable sur les plans \u00e9thique et juridique. Elle a insist\u00e9 sur le fait que l\u2019instrumentalisation de l\u2019action humanitaire \u00e0 des fins politiques ou comme moyen de punition collective constitue une atteinte grave aux principes m\u00eames sur lesquels le droit international a \u00e9t\u00e9 fond\u00e9, au premier rang desquels la protection des civils et l\u2019acheminement sans entrave de l\u2019aide.<\/p>\n<p data-start=\"5754\" data-end=\"6257\">Le communiqu\u00e9 ajoute que l\u2019escalade des attaques contre les organisations humanitaires ind\u00e9pendantes ne menace pas seulement la continuit\u00e9 des programmes m\u00e9dicaux, de secours et alimentaires, d\u00e9j\u00e0 extr\u00eamement limit\u00e9s \u00e0 Gaza, mais vise l\u2019id\u00e9e m\u00eame de l\u2019action humanitaire. Elle ouvre la voie \u00e0 la criminalisation du t\u00e9moignage humanitaire et aux tentatives de r\u00e9duire au silence ceux qui documentent et relatent la r\u00e9alit\u00e9 sur le terrain, marqu\u00e9e par les destructions, les morts et les violations graves.<\/p>\n<p data-start=\"6259\" data-end=\"6768\"><strong data-start=\"6259\" data-end=\"6293\">Amel Association International<\/strong> a indiqu\u00e9 que faire porter aux organisations humanitaires la responsabilit\u00e9 de la description de la situation humanitaire catastrophique, ou les accuser de mani\u00e8re infond\u00e9e au lieu de demander des comptes aux auteurs des crimes, constitue une inversion d\u00e9lib\u00e9r\u00e9e des faits. Elle a affirm\u00e9 que la responsabilit\u00e9 juridique et morale incombe \u00e0 ceux qui exercent une violence syst\u00e9matique et ciblent les civils, les infrastructures ainsi que le personnel m\u00e9dical et humanitaire.<\/p>\n<p data-start=\"6770\" data-end=\"7355\">Le communiqu\u00e9 a mis en garde contre la gravit\u00e9 des conditions et proc\u00e9dures impos\u00e9es \u00e0 l\u2019enregistrement des organisations, en particulier celles qui portent atteinte \u00e0 la s\u00e9curit\u00e9 et \u00e0 la vie priv\u00e9e des travailleurs humanitaires et transforment l\u2019acc\u00e8s humanitaire en un instrument de chantage, dans un contexte o\u00f9 le personnel m\u00e9dical et humanitaire est expos\u00e9 \u00e0 des assassinats, des intimidations et des d\u00e9tentions arbitraires. L\u2019Association a estim\u00e9 que ces pratiques constituent une violation flagrante qui sape l\u2019ind\u00e9pendance et les principes fondamentaux de l\u2019action humanitaire.<\/p>\n<p data-start=\"7357\" data-end=\"7751\">Dans ce cadre, <strong data-start=\"7372\" data-end=\"7406\">Amel Association International<\/strong> a estim\u00e9 que ce qui se d\u00e9roule ne peut \u00eatre dissoci\u00e9 d\u2019une trajectoire internationale plus large et dangereuse visant \u00e0 marginaliser le r\u00f4le des Nations Unies et \u00e0 affaiblir le syst\u00e8me de justice internationale, mena\u00e7ant ainsi l\u2019ordre international fond\u00e9 sur le droit et consacrant l\u2019impunit\u00e9 et la primaut\u00e9 de la force au d\u00e9triment des droits.<\/p>\n<p data-start=\"7753\" data-end=\"8177\">L\u2019Association a appel\u00e9 \u00e0 une action internationale urgente et \u00e0 la cr\u00e9ation d\u2019une alliance humanitaire et juridique mondiale pour d\u00e9fendre le droit international humanitaire, prot\u00e9ger l\u2019action humanitaire de la politisation et de la criminalisation, et emp\u00eacher la neutralisation des institutions internationales, qui constituent le dernier cadre r\u00e9gissant les relations entre les \u00c9tats et posant des limites aux violations.<\/p>\n<p data-start=\"8179\" data-end=\"8888\">En conclusion, <strong data-start=\"8194\" data-end=\"8228\">Amel Association International<\/strong> a rappel\u00e9 que l\u2019autorisation d\u2019entr\u00e9e de l\u2019aide humanitaire n\u2019est ni une faveur ni une concession, mais une obligation juridique non n\u00e9gociable. Gaza a aujourd\u2019hui besoin d\u2019un renforcement, et non d\u2019une r\u00e9duction, des programmes de soutien humanitaire, ainsi que de la protection de ce qu\u2019il reste des moyens de subsistance, et non de leur \u00e9touffement. L\u2019Association a r\u00e9affirm\u00e9 qu\u2019elle restera, fid\u00e8le \u00e0 sa mission et aux valeurs de ses fondateurs, aux c\u00f4t\u00e9s de l\u2019\u00eatre humain, de sa dignit\u00e9 et de son droit \u00e0 la vie et \u00e0 la justice, quelles que soient l\u2019intensit\u00e9 de la r\u00e9pression et la multiplication des tentatives visant \u00e0 faire taire la voix humanitaire.<\/p>\n","protected":false},"excerpt":{"rendered":"<p>Appel \u00e0 une action internationale urgente et \u00e0 la cr\u00e9ation d\u2019une alliance humanitaire et juridique mondiale pour prot\u00e9ger l\u2019action humanitaire Amel Association International a publi\u00e9 un communiqu\u00e9 condamnant fermement les menaces isra\u00e9liennes visant \u00e0 retirer l\u2019enregistrement des organisations humanitaires et \u00e0 les emp\u00eacher d\u2019op\u00e9rer dans la bande de Gaza, estimant que ces mesures constituent une [&hellip;]<\/p>\n","protected":false},"author":1,"featured_media":11941,"comment_status":"open","ping_status":"open","sticky":false,"template":"","format":"standard","meta":{"footnotes":""},"categories":[1774],"tags":[],"class_list":{"0":"post-11940","1":"post","2":"type-post","3":"status-publish","4":"format-standard","5":"has-post-thumbnail","7":"category-actualites-et-histoires"},"aioseo_notices":[],"_links":{"self":[{"href":"https:\/\/amel.org\/fr\/wp-json\/wp\/v2\/posts\/11940","targetHints":{"allow":["GET"]}}],"collection":[{"href":"https:\/\/amel.org\/fr\/wp-json\/wp\/v2\/posts"}],"about":[{"href":"https:\/\/amel.org\/fr\/wp-json\/wp\/v2\/types\/post"}],"author":[{"embeddable":true,"href":"https:\/\/amel.org\/fr\/wp-json\/wp\/v2\/users\/1"}],"replies":[{"embeddable":true,"href":"https:\/\/amel.org\/fr\/wp-json\/wp\/v2\/comments?post=11940"}],"version-history":[{"count":1,"href":"https:\/\/amel.org\/fr\/wp-json\/wp\/v2\/posts\/11940\/revisions"}],"predecessor-version":[{"id":11942,"href":"https:\/\/amel.org\/fr\/wp-json\/wp\/v2\/posts\/11940\/revisions\/11942"}],"wp:featuredmedia":[{"embeddable":true,"href":"https:\/\/amel.org\/fr\/wp-json\/wp\/v2\/media\/11941"}],"wp:attachment":[{"href":"https:\/\/amel.org\/fr\/wp-json\/wp\/v2\/media?parent=11940"}],"wp:term":[{"taxonomy":"category","embeddable":true,"href":"https:\/\/amel.org\/fr\/wp-json\/wp\/v2\/categories?post=11940"},{"taxonomy":"post_tag","embeddable":true,"href":"https:\/\/amel.org\/fr\/wp-json\/wp\/v2\/tags?post=11940"}],"curies":[{"name":"wp","href":"https:\/\/api.w.org\/{rel}","templated":true}]}}