{"id":10294,"date":"2025-05-29T12:15:48","date_gmt":"2025-05-29T09:15:48","guid":{"rendered":"https:\/\/amel.org\/request-for-quotation-labor-protective-kits-for-youth-ages-12-17\/"},"modified":"2025-05-29T12:22:37","modified_gmt":"2025-05-29T09:22:37","slug":"request-for-quotation-labor-protective-kits-for-youth-ages-12-17","status":"publish","type":"post","link":"https:\/\/amel.org\/fr\/request-for-quotation-labor-protective-kits-for-youth-ages-12-17\/","title":{"rendered":"Demande de devis : Kits de protection pour adolescents (12 \u00e0 17 ans)"},"content":{"rendered":"<p data-start=\"234\" data-end=\"477\"><strong data-start=\"234\" data-end=\"271\">L\u2019Association Amel Internationale<\/strong> lance un appel \u00e0 devis pour la fourniture de <strong data-start=\"317\" data-end=\"339\">kits de protection<\/strong> adapt\u00e9s aux adolescents \u00e2g\u00e9s de <strong data-start=\"372\" data-end=\"387\">12 \u00e0 17 ans<\/strong>, dans le cadre d\u2019un projet visant \u00e0 renforcer la s\u00e9curit\u00e9 et l\u2019autonomisation des jeunes.<\/p>\n<p data-start=\"479\" data-end=\"537\">\ud83d\udccc <strong data-start=\"482\" data-end=\"513\">Date limite de soumission :<\/strong><br data-start=\"513\" data-end=\"516\" \/><strong data-start=\"516\" data-end=\"537\">Mardi 3 juin 2025<\/strong><\/p>\n<p data-start=\"539\" data-end=\"753\">\ud83d\udce6 <strong data-start=\"542\" data-end=\"569\">Description du besoin :<\/strong><br data-start=\"569\" data-end=\"572\" \/>Fourniture de kits de protection ergonomiques et adapt\u00e9s aux besoins sp\u00e9cifiques des adolescents. Les sp\u00e9cifications compl\u00e8tes peuvent \u00eatre consult\u00e9es dans les documents ci-dessous.<\/p>\n<p data-start=\"755\" data-end=\"808\">\ud83d\udcb0 <strong data-start=\"758\" data-end=\"784\">Modalit\u00e9 de paiement :<\/strong><br data-start=\"784\" data-end=\"787\" \/>Transfert via <strong data-start=\"801\" data-end=\"808\">OMT<\/strong><\/p>\n<p data-start=\"810\" data-end=\"968\">\ud83d\udcec <strong data-start=\"813\" data-end=\"835\">Comment postuler :<\/strong><br data-start=\"835\" data-end=\"838\" \/>Les fournisseurs int\u00e9ress\u00e9s sont invit\u00e9s \u00e0 soumettre leurs devis par courriel \u00e0 l\u2019adresse suivante :<br data-start=\"938\" data-end=\"941\" \/>\ud83d\udce7 <strong data-start=\"944\" data-end=\"968\"><a class=\"cursor-pointer\" rel=\"noopener\" data-start=\"946\" data-end=\"966\">procurement@amel.org<\/a><\/strong><\/p>\n<p data-start=\"970\" data-end=\"1004\">\ud83d\udcc4 <strong data-start=\"973\" data-end=\"1002\">Documents \u00e0 t\u00e9l\u00e9charger :<\/strong><\/p>\n<ul data-start=\"1005\" data-end=\"1151\">\n<li data-start=\"1005\" data-end=\"1068\">\n<p data-start=\"1007\" data-end=\"1068\"><a class=\"cursor-pointer\" href=\"https:\/\/amel.org\/wp-content\/uploads\/2025\/05\/back_pack1.pdf\" target=\"_blank\" rel=\"noopener\" data-start=\"1007\" data-end=\"1066\">Sp\u00e9cifications du sac \u00e0 dos (PDF)<\/a><\/p>\n<\/li>\n<li data-start=\"1069\" data-end=\"1151\">\n<p data-start=\"1071\" data-end=\"1151\"><a class=\"cursor-pointer\" href=\"https:\/\/amel.org\/wp-content\/uploads\/2025\/05\/back_pack1.pdf\" target=\"_blank\" rel=\"noopener\" data-start=\"1071\" data-end=\"1151\">Demande de devis \u2013 Kits de protection (PDF)<\/a><\/p>\n<\/li>\n<\/ul>\n<p data-start=\"1153\" data-end=\"1273\">\u2753 <strong data-start=\"1155\" data-end=\"1174\">Des questions ?<\/strong><br data-start=\"1174\" data-end=\"1177\" \/>Pour toute information compl\u00e9mentaire, veuillez nous contacter \u00e0 :<br data-start=\"1243\" data-end=\"1246\" \/>\ud83d\udce7 <strong data-start=\"1249\" data-end=\"1273\"><a class=\"cursor-pointer\" rel=\"noopener\" data-start=\"1251\" data-end=\"1271\">procurement@amel.org<\/a><\/strong><\/p>\n<hr data-start=\"1275\" data-end=\"1278\" \/>\n<p data-start=\"1280\" data-end=\"1651\">\ud83d\udcdd <strong data-start=\"1283\" data-end=\"1334\">\u00c0 propos de l\u2019Association Amel Internationale :<\/strong><br data-start=\"1334\" data-end=\"1337\" \/>Fond\u00e9e en 1979, Amel est une organisation non gouvernementale, la\u00efque et libanaise. Elle intervient \u00e0 travers plus de 30 centres et unit\u00e9s mobiles dans les domaines de la sant\u00e9, de la protection, de l\u2019\u00e9ducation, des droits humains et du d\u00e9veloppement rural, en faveur des communaut\u00e9s les plus vuln\u00e9rables du Liban.<\/p>\n<p data-start=\"1557\" data-end=\"1708\">\n","protected":false},"excerpt":{"rendered":"<p>L\u2019Association Amel Internationale lance un appel \u00e0 devis pour la fourniture de kits de protection adapt\u00e9s aux adolescents \u00e2g\u00e9s de 12 \u00e0 17 ans, dans le cadre d\u2019un projet visant \u00e0 renforcer la s\u00e9curit\u00e9 et l\u2019autonomisation des jeunes. \ud83d\udccc Date limite de soumission :Mardi 3 juin 2025 \ud83d\udce6 Description du besoin :Fourniture de kits de [&hellip;]<\/p>\n","protected":false},"author":1,"featured_media":10288,"comment_status":"open","ping_status":"open","sticky":false,"template":"","format":"standard","meta":{"footnotes":""},"categories":[1777],"tags":[],"class_list":{"0":"post-10294","1":"post","2":"type-post","3":"status-publish","4":"format-standard","5":"has-post-thumbnail","7":"category-vacancies-fr"},"aioseo_notices":[],"_links":{"self":[{"href":"https:\/\/amel.org\/fr\/wp-json\/wp\/v2\/posts\/10294","targetHints":{"allow":["GET"]}}],"collection":[{"href":"https:\/\/amel.org\/fr\/wp-json\/wp\/v2\/posts"}],"about":[{"href":"https:\/\/amel.org\/fr\/wp-json\/wp\/v2\/types\/post"}],"author":[{"embeddable":true,"href":"https:\/\/amel.org\/fr\/wp-json\/wp\/v2\/users\/1"}],"replies":[{"embeddable":true,"href":"https:\/\/amel.org\/fr\/wp-json\/wp\/v2\/comments?post=10294"}],"version-history":[{"count":2,"href":"https:\/\/amel.org\/fr\/wp-json\/wp\/v2\/posts\/10294\/revisions"}],"predecessor-version":[{"id":10296,"href":"https:\/\/amel.org\/fr\/wp-json\/wp\/v2\/posts\/10294\/revisions\/10296"}],"wp:featuredmedia":[{"embeddable":true,"href":"https:\/\/amel.org\/fr\/wp-json\/wp\/v2\/media\/10288"}],"wp:attachment":[{"href":"https:\/\/amel.org\/fr\/wp-json\/wp\/v2\/media?parent=10294"}],"wp:term":[{"taxonomy":"category","embeddable":true,"href":"https:\/\/amel.org\/fr\/wp-json\/wp\/v2\/categories?post=10294"},{"taxonomy":"post_tag","embeddable":true,"href":"https:\/\/amel.org\/fr\/wp-json\/wp\/v2\/tags?post=10294"}],"curies":[{"name":"wp","href":"https:\/\/api.w.org\/{rel}","templated":true}]}}